{"id":104106,"date":"2026-04-30T09:37:14","date_gmt":"2026-04-30T06:37:14","guid":{"rendered":"https:\/\/www.dejeanul.ro\/content\/?p=104106"},"modified":"2026-04-30T09:37:14","modified_gmt":"2026-04-30T06:37:14","slug":"seful-companiei-de-apa-somes-deplasare-exotica-pe-banii-oamenilor-video","status":"publish","type":"post","link":"https:\/\/www.dejeanul.ro\/content\/seful-companiei-de-apa-somes-deplasare-exotica-pe-banii-oamenilor-video\/","title":{"rendered":"Seful Companiei de Apa Somes, deplasare exotica pe banii oamenilor &#8211; VIDEO"},"content":{"rendered":"<p data-start=\"0\" data-end=\"197\">\u00cen timp ce pre\u021bul apei de la robinet este majorat la fiecare cateva luni, \u0219eful Companiei de Ap\u0103 Some\u0219, C\u0103lin Neam\u021bu, particip\u0103 \u00een aceste zile, \u00een Brazilia, la o conferin\u021b\u0103 despre\u2026 pierderile de ap\u0103.<\/p>\n<p data-start=\"199\" data-end=\"402\">Despre deplasarea de mii de euro, pl\u0103tit\u0103 din banii companiei, s-a aflat ieri, \u00een timpul \u0219edin\u021bei de Consiliu Jude\u021bean, de la care directorul a lipsit, de\u0219i urma s\u0103 se decid\u0103 \u0219i bugetul Companiei de Ap\u0103.<\/p>\n<p data-start=\"404\" data-end=\"578\">Pre\u0219edintele Consiliului Jude\u021bean a declarat, \u00een cadrul \u0219edin\u021bei, c\u0103 nu \u0219tia despre aceast\u0103 deplasare \u0219i c\u0103 va cere imputarea costurilor din venitul personal al directorului.<\/p>\n<p data-start=\"580\" data-end=\"776\" data-is-last-node=\"\" data-is-only-node=\"\">Foaia Transilvan\u0103 scrie c\u0103 directorul general, C\u0103lin Neam\u021bu, a \u00eencasat, \u00een ultimii ani, peste 600.000 de lei \u00een bonusuri de la companie, pe l\u00e2ng\u0103 un salariu lunar de aproximativ 31.000 de lei net.<\/p>\n<p><iframe loading=\"lazy\" style=\"border: none; overflow: hidden;\" src=\"https:\/\/www.facebook.com\/plugins\/video.php?height=476&amp;href=https%3A%2F%2Fwww.facebook.com%2Freel%2F964431669320421%2F&amp;show_text=false&amp;width=267&amp;t=0\" width=\"267\" height=\"476\" frameborder=\"0\" scrolling=\"no\" allowfullscreen=\"allowfullscreen\"><\/iframe><\/p>\n","protected":false},"excerpt":{"rendered":"<p>\u00cen timp ce pre\u021bul apei de la robinet este majorat la fiecare cateva luni, \u0219eful Companiei de Ap\u0103 Some\u0219, C\u0103lin Neam\u021bu, particip\u0103 \u00een aceste zile, \u00een Brazilia, la o conferin\u021b\u0103 despre\u2026 pierderile de ap\u0103. Despre deplasarea de mii de euro, pl\u0103tit\u0103 din banii companiei, s-a aflat ieri, \u00een timpul \u0219edin\u021bei de Consiliu Jude\u021bean, de la &hellip;<\/p>\n","protected":false},"author":2,"featured_media":104107,"comment_status":"closed","ping_status":"closed","sticky":false,"template":"","format":"standard","meta":{"footnotes":""},"categories":[5806,13],"tags":[],"class_list":["post-104106","post","type-post","status-publish","format-standard","has-post-thumbnail","hentry","category-breaking-news","category-stiri-din-zona"],"aioseo_notices":[],"_links":{"self":[{"href":"https:\/\/www.dejeanul.ro\/content\/wp-json\/wp\/v2\/posts\/104106","targetHints":{"allow":["GET"]}}],"collection":[{"href":"https:\/\/www.dejeanul.ro\/content\/wp-json\/wp\/v2\/posts"}],"about":[{"href":"https:\/\/www.dejeanul.ro\/content\/wp-json\/wp\/v2\/types\/post"}],"author":[{"embeddable":true,"href":"https:\/\/www.dejeanul.ro\/content\/wp-json\/wp\/v2\/users\/2"}],"replies":[{"embeddable":true,"href":"https:\/\/www.dejeanul.ro\/content\/wp-json\/wp\/v2\/comments?post=104106"}],"version-history":[{"count":1,"href":"https:\/\/www.dejeanul.ro\/content\/wp-json\/wp\/v2\/posts\/104106\/revisions"}],"predecessor-version":[{"id":104108,"href":"https:\/\/www.dejeanul.ro\/content\/wp-json\/wp\/v2\/posts\/104106\/revisions\/104108"}],"wp:featuredmedia":[{"embeddable":true,"href":"https:\/\/www.dejeanul.ro\/content\/wp-json\/wp\/v2\/media\/104107"}],"wp:attachment":[{"href":"https:\/\/www.dejeanul.ro\/content\/wp-json\/wp\/v2\/media?parent=104106"}],"wp:term":[{"taxonomy":"category","embeddable":true,"href":"https:\/\/www.dejeanul.ro\/content\/wp-json\/wp\/v2\/categories?post=104106"},{"taxonomy":"post_tag","embeddable":true,"href":"https:\/\/www.dejeanul.ro\/content\/wp-json\/wp\/v2\/tags?post=104106"}],"curies":[{"name":"wp","href":"https:\/\/api.w.org\/{rel}","templated":true}]}}